{"id":9879,"date":"2024-01-23T10:58:02","date_gmt":"2024-01-23T14:58:02","guid":{"rendered":"https:\/\/jnministry.org\/dia-22-un-plan-de-batalla-de-tres-frentes\/"},"modified":"2024-01-23T10:58:02","modified_gmt":"2024-01-23T14:58:02","slug":"dia-22-un-plan-de-batalla-de-tres-frentes","status":"publish","type":"post","link":"https:\/\/jnministry.org\/en\/dia-22-un-plan-de-batalla-de-tres-frentes\/","title":{"rendered":"D\u00eda 22 &#8211; Un Plan de Batalla de Tres Frentes"},"content":{"rendered":"<p data-pm-slice=\"\\\"1\" 1 []\\\">D\u00eda 22 &#8211; Un Plan de Batalla de Tres Frentes<\/p>\n<p>Por Brice Maddock<br \/>\nPresidente\/Director Ejecutivo<br \/>\nDesaf\u00edo Juvenil Global<\/p>\n<p>Escritura Clave:<br \/>\n2 Corintios 10:4-5<br \/>\n\u201cLas armas con las que luchamos no son las armas del mundo. Al contrario, tienen el poder divino para derribar fortalezas. Derribamos argumentos y toda pretensi\u00f3n que se levanta contra el conocimiento de Dios, y tomamos cautivo todo pensamiento para hacerlo obediente a Cristo\u201d.<\/p>\n<p>Para terminar nuestro ayuno juntos, quiero hacerles una pregunta a cada uno de ustedes, as\u00ed como a m\u00ed mismo: \u201c\u00bfTenemos la mentalidad de un crucero o de un acorazado cuando se trata de esta vida de servir a Dios? \u00bfQu\u00e9 quiero decir con eso? Muchas veces, como cristianos, tratamos nuestros tratos con el Reino de Dios como si nos pusi\u00e9ramos las chanclas y los pantalones cortos e \u00edbamos de vacaciones en un crucero, en lugar de entender que necesitamos vestirnos para la batalla y subir al acorazado.<\/p>\n<p>Hay una guerra sucediendo a nuestro alrededor. No estoy hablando de las payasadas pol\u00edticas de ambos lados del pasillo que est\u00e1n polarizando nuestro pa\u00eds y, Dios no lo quiera, incluso la Iglesia. Necesitamos despertar y darnos cuenta de que tenemos un verdadero enemigo que est\u00e1 jugando a la guerra de tira y afloja con nosotros sobre las mismas almas que Dios est\u00e1 trayendo a trav\u00e9s de nuestras puertas. Con la ayuda de Dios, podemos ganar estas batallas por las almas, y lo haremos juntos a trav\u00e9s de un plan de batalla de tres frentes: la Palabra de Dios, la oraci\u00f3n y la unidad.<\/p>\n<p>Tomaremos todo pensamiento que no sea de la Palabra de Dios cautivo, los tomaremos prisioneros, eso significa que NOSOTROS estaremos en control, y los HAREMOS obedientes a Cristo. \u00bfMe sientes? \u00bfC\u00f3mo hacemos eso? Conociendo la Palabra, leyendo la Palabra y medit\u00e1ndola d\u00eda y noche, tomamos los pensamientos que el mundo quiere que pensemos y los filtramos a trav\u00e9s de la Palabra de Dios para que podamos tener la mentalidad de Cristo.<\/p>\n<p>No luchamos con las armas del mundo, como el dinero, el poder, la fama, las t\u00e1cticas de miedo o la manipulaci\u00f3n. Al contrario, tenemos autoridad divina para derribar fortalezas. Las armas con las que luchamos son las armas de Dios: la oraci\u00f3n a Dios y la creencia y fe en Dios. La palabra fortaleza es la palabra griega \u201cchroma\u201d, que significa \u201ccastillo, prisi\u00f3n o estructura defensiva\u201d. No derribas eso cantando kumbaya alrededor del fuego o agitando una bandera blanca de paz frente al enemigo; te pones tu armadura con tus camaradas, sueltas un grito de banshee y corres al campo para aplastar al enemigo por el REY.<\/p>\n<p>Nada de esto se hace solo; cuando luchamos por Dios como un Cuerpo unificado, movi\u00e9ndonos en la misma direcci\u00f3n, \u201cteniendo un mismo sentir, un mismo amor, unidos en esp\u00edritu y prop\u00f3sito\u201d como en Filipenses 2:2, \u00bfqu\u00e9 puede detenernos?<\/p>\n<p>Tendremos victoria eterna porque tendremos el poder de Dios detr\u00e1s de nosotros para dar y traer esperanza. Haremos esto en 2024 como nunca antes, y Dios har\u00e1 m\u00e1s de lo que nunca ha hecho a trav\u00e9s del Desaf\u00edo Juvenil Global.<\/p>\n<p>Querido Padre, ay\u00fadanos a comprender la importancia de una vida de oraci\u00f3n robusta y la diferencia que hace en la batalla que luchamos a diario. Que nunca subestimemos el poder de la comunicaci\u00f3n emocional y l\u00facida con el Creador del universo. Ay\u00fadanos a luchar a diario, a mantener la oraci\u00f3n central en nuestras vidas y ministerio. Padre, ay\u00fadanos en 2024 a hacer batalla de rodillas m\u00e1s que nunca antes y a esperar que las fortalezas alrededor de nuestro mundo se derrumben, en el nombre de Jes\u00fas, para el honor y gloria de nuestro Rey.<\/p>\n<p>Enfoque de Oraci\u00f3n de Hoy:<br \/>\nLos m\u00e1s no alcanzados<\/p>","protected":false},"excerpt":{"rendered":"<p>D\u00eda 22 &#8211; Un Plan de Batalla de Tres Frentes Por Brice Maddock Presidente\/Director Ejecutivo Desaf\u00edo Juvenil Global Escritura Clave: 2 Corintios 10:4-5 \u201cLas armas con las que luchamos no son las armas del mundo. Al contrario, tienen el poder divino para derribar fortalezas. Derribamos argumentos y toda pretensi\u00f3n que se levanta contra el conocimiento [&hellip;]<\/p>\n","protected":false},"author":1,"featured_media":9881,"comment_status":"closed","ping_status":"open","sticky":false,"template":"","format":"standard","meta":{"site-sidebar-layout":"default","site-content-layout":"","ast-site-content-layout":"default","site-content-style":"default","site-sidebar-style":"default","ast-global-header-display":"","ast-banner-title-visibility":"","ast-main-header-display":"","ast-hfb-above-header-display":"","ast-hfb-below-header-display":"","ast-hfb-mobile-header-display":"","site-post-title":"","ast-breadcrumbs-content":"","ast-featured-img":"","footer-sml-layout":"","ast-disable-related-posts":"","theme-transparent-header-meta":"","adv-header-id-meta":"","stick-header-meta":"","header-above-stick-meta":"","header-main-stick-meta":"","header-below-stick-meta":"","astra-migrate-meta-layouts":"default","ast-page-background-enabled":"default","ast-page-background-meta":{"desktop":{"background-color":"","background-image":"","background-repeat":"repeat","background-position":"center center","background-size":"auto","background-attachment":"scroll","background-type":"","background-media":"","overlay-type":"","overlay-color":"","overlay-opacity":"","overlay-gradient":""},"tablet":{"background-color":"","background-image":"","background-repeat":"repeat","background-position":"center center","background-size":"auto","background-attachment":"scroll","background-type":"","background-media":"","overlay-type":"","overlay-color":"","overlay-opacity":"","overlay-gradient":""},"mobile":{"background-color":"","background-image":"","background-repeat":"repeat","background-position":"center center","background-size":"auto","background-attachment":"scroll","background-type":"","background-media":"","overlay-type":"","overlay-color":"","overlay-opacity":"","overlay-gradient":""}},"ast-content-background-meta":{"desktop":{"background-color":"var(--ast-global-color-5)","background-image":"","background-repeat":"repeat","background-position":"center center","background-size":"auto","background-attachment":"scroll","background-type":"","background-media":"","overlay-type":"","overlay-color":"","overlay-opacity":"","overlay-gradient":""},"tablet":{"background-color":"var(--ast-global-color-5)","background-image":"","background-repeat":"repeat","background-position":"center center","background-size":"auto","background-attachment":"scroll","background-type":"","background-media":"","overlay-type":"","overlay-color":"","overlay-opacity":"","overlay-gradient":""},"mobile":{"background-color":"var(--ast-global-color-5)","background-image":"","background-repeat":"repeat","background-position":"center center","background-size":"auto","background-attachment":"scroll","background-type":"","background-media":"","overlay-type":"","overlay-color":"","overlay-opacity":"","overlay-gradient":""}},"footnotes":""},"categories":[10],"tags":[],"class_list":["post-9879","post","type-post","status-publish","format-standard","has-post-thumbnail","hentry","category-ayuno-y-oracion"],"yoast_head":"<!-- This site is optimized with the Yoast SEO plugin v27.5 - https:\/\/yoast.com\/product\/yoast-seo-wordpress\/ -->\n<title>D\u00eda 22 - Un Plan de Batalla de Tres Frentes - JOSE y NELLY MINISTRY<\/title>\n<meta name=\"description\" content=\"D\u00eda 22 - Un Plan de Batalla de Tres Frentes\" \/>\n<meta name=\"robots\" content=\"index, follow, max-snippet:-1, max-image-preview:large, max-video-preview:-1\" \/>\n<link rel=\"canonical\" href=\"https:\/\/jnministry.org\/en\/dia-22-un-plan-de-batalla-de-tres-frentes\/\" \/>\n<meta property=\"og:locale\" content=\"en_US\" \/>\n<meta property=\"og:type\" content=\"article\" \/>\n<meta property=\"og:title\" content=\"D\u00eda 22 - Un Plan de Batalla de Tres Frentes - JOSE y NELLY MINISTRY\" \/>\n<meta property=\"og:description\" content=\"D\u00eda 22 - Un Plan de Batalla de Tres Frentes\" \/>\n<meta property=\"og:url\" content=\"https:\/\/jnministry.org\/en\/dia-22-un-plan-de-batalla-de-tres-frentes\/\" \/>\n<meta property=\"og:site_name\" content=\"JOSE y NELLY MINISTRY\" \/>\n<meta property=\"article:published_time\" content=\"2024-01-23T14:58:02+00:00\" \/>\n<meta name=\"author\" content=\"jalweb\" \/>\n<meta name=\"twitter:card\" content=\"summary_large_image\" \/>\n<meta name=\"twitter:label1\" content=\"Written by\" \/>\n\t<meta name=\"twitter:data1\" content=\"jalweb\" \/>\n\t<meta name=\"twitter:label2\" content=\"Est. reading time\" \/>\n\t<meta name=\"twitter:data2\" content=\"4 minutes\" \/>\n<script type=\"application\/ld+json\" class=\"yoast-schema-graph\">{\"@context\":\"https:\\\/\\\/schema.org\",\"@graph\":[{\"@type\":\"Article\",\"@id\":\"https:\\\/\\\/jnministry.org\\\/dia-22-un-plan-de-batalla-de-tres-frentes\\\/#article\",\"isPartOf\":{\"@id\":\"https:\\\/\\\/jnministry.org\\\/dia-22-un-plan-de-batalla-de-tres-frentes\\\/\"},\"author\":{\"name\":\"jalweb\",\"@id\":\"https:\\\/\\\/jnministry.org\\\/#\\\/schema\\\/person\\\/e7fb8650e1a8b9ae8d52de36b7c1d60c\"},\"headline\":\"D\u00eda 22 &#8211; Un Plan de Batalla de Tres Frentes\",\"datePublished\":\"2024-01-23T14:58:02+00:00\",\"mainEntityOfPage\":{\"@id\":\"https:\\\/\\\/jnministry.org\\\/dia-22-un-plan-de-batalla-de-tres-frentes\\\/\"},\"wordCount\":659,\"publisher\":{\"@id\":\"https:\\\/\\\/jnministry.org\\\/#organization\"},\"image\":{\"@id\":\"https:\\\/\\\/jnministry.org\\\/dia-22-un-plan-de-batalla-de-tres-frentes\\\/#primaryimage\"},\"thumbnailUrl\":\"\",\"articleSection\":[\"Ayuno y oraci\u00f3n\"],\"inLanguage\":\"en-US\"},{\"@type\":\"WebPage\",\"@id\":\"https:\\\/\\\/jnministry.org\\\/dia-22-un-plan-de-batalla-de-tres-frentes\\\/\",\"url\":\"https:\\\/\\\/jnministry.org\\\/dia-22-un-plan-de-batalla-de-tres-frentes\\\/\",\"name\":\"D\u00eda 22 - Un Plan de Batalla de Tres Frentes - JOSE y NELLY MINISTRY\",\"isPartOf\":{\"@id\":\"https:\\\/\\\/jnministry.org\\\/#website\"},\"primaryImageOfPage\":{\"@id\":\"https:\\\/\\\/jnministry.org\\\/dia-22-un-plan-de-batalla-de-tres-frentes\\\/#primaryimage\"},\"image\":{\"@id\":\"https:\\\/\\\/jnministry.org\\\/dia-22-un-plan-de-batalla-de-tres-frentes\\\/#primaryimage\"},\"thumbnailUrl\":\"\",\"datePublished\":\"2024-01-23T14:58:02+00:00\",\"description\":\"D\u00eda 22 - Un Plan de Batalla de Tres Frentes\",\"breadcrumb\":{\"@id\":\"https:\\\/\\\/jnministry.org\\\/dia-22-un-plan-de-batalla-de-tres-frentes\\\/#breadcrumb\"},\"inLanguage\":\"en-US\",\"potentialAction\":[{\"@type\":\"ReadAction\",\"target\":[\"https:\\\/\\\/jnministry.org\\\/dia-22-un-plan-de-batalla-de-tres-frentes\\\/\"]}]},{\"@type\":\"ImageObject\",\"inLanguage\":\"en-US\",\"@id\":\"https:\\\/\\\/jnministry.org\\\/dia-22-un-plan-de-batalla-de-tres-frentes\\\/#primaryimage\",\"url\":\"\",\"contentUrl\":\"\"},{\"@type\":\"BreadcrumbList\",\"@id\":\"https:\\\/\\\/jnministry.org\\\/dia-22-un-plan-de-batalla-de-tres-frentes\\\/#breadcrumb\",\"itemListElement\":[{\"@type\":\"ListItem\",\"position\":1,\"name\":\"Home\",\"item\":\"https:\\\/\\\/jnministry.org\\\/\"},{\"@type\":\"ListItem\",\"position\":2,\"name\":\"D\u00eda 22 &#8211; Un Plan de Batalla de Tres Frentes\"}]},{\"@type\":\"WebSite\",\"@id\":\"https:\\\/\\\/jnministry.org\\\/#website\",\"url\":\"https:\\\/\\\/jnministry.org\\\/\",\"name\":\"JOSE y NELLY MINISTRY\",\"description\":\"Ministerio de Jose y Nelly Martinez\",\"publisher\":{\"@id\":\"https:\\\/\\\/jnministry.org\\\/#organization\"},\"potentialAction\":[{\"@type\":\"SearchAction\",\"target\":{\"@type\":\"EntryPoint\",\"urlTemplate\":\"https:\\\/\\\/jnministry.org\\\/?s={search_term_string}\"},\"query-input\":{\"@type\":\"PropertyValueSpecification\",\"valueRequired\":true,\"valueName\":\"search_term_string\"}}],\"inLanguage\":\"en-US\"},{\"@type\":\"Organization\",\"@id\":\"https:\\\/\\\/jnministry.org\\\/#organization\",\"name\":\"JOSE y NELLY MINISTRY\",\"url\":\"https:\\\/\\\/jnministry.org\\\/\",\"logo\":{\"@type\":\"ImageObject\",\"inLanguage\":\"en-US\",\"@id\":\"https:\\\/\\\/jnministry.org\\\/#\\\/schema\\\/logo\\\/image\\\/\",\"url\":\"https:\\\/\\\/jnministry.org\\\/wp-content\\\/uploads\\\/2022\\\/01\\\/LOGO-JMM-AZUL.png\",\"contentUrl\":\"https:\\\/\\\/jnministry.org\\\/wp-content\\\/uploads\\\/2022\\\/01\\\/LOGO-JMM-AZUL.png\",\"width\":190,\"height\":69,\"caption\":\"JOSE y NELLY MINISTRY\"},\"image\":{\"@id\":\"https:\\\/\\\/jnministry.org\\\/#\\\/schema\\\/logo\\\/image\\\/\"}},{\"@type\":\"Person\",\"@id\":\"https:\\\/\\\/jnministry.org\\\/#\\\/schema\\\/person\\\/e7fb8650e1a8b9ae8d52de36b7c1d60c\",\"name\":\"jalweb\",\"image\":{\"@type\":\"ImageObject\",\"inLanguage\":\"en-US\",\"@id\":\"https:\\\/\\\/secure.gravatar.com\\\/avatar\\\/55f6b07170e274bea4756c5212475876efa441321ac2867ccad3e616692d9c6d?s=96&d=mm&r=g\",\"url\":\"https:\\\/\\\/secure.gravatar.com\\\/avatar\\\/55f6b07170e274bea4756c5212475876efa441321ac2867ccad3e616692d9c6d?s=96&d=mm&r=g\",\"contentUrl\":\"https:\\\/\\\/secure.gravatar.com\\\/avatar\\\/55f6b07170e274bea4756c5212475876efa441321ac2867ccad3e616692d9c6d?s=96&d=mm&r=g\",\"caption\":\"jalweb\"},\"sameAs\":[\"https:\\\/\\\/jnministry.org\"],\"url\":\"https:\\\/\\\/jnministry.org\\\/en\\\/author\\\/jalweb\\\/\"}]}<\/script>\n<!-- \/ Yoast SEO plugin. -->","yoast_head_json":{"title":"D\u00eda 22 - Un Plan de Batalla de Tres Frentes - JOSE y NELLY MINISTRY","description":"D\u00eda 22 - Un Plan de Batalla de Tres Frentes","robots":{"index":"index","follow":"follow","max-snippet":"max-snippet:-1","max-image-preview":"max-image-preview:large","max-video-preview":"max-video-preview:-1"},"canonical":"https:\/\/jnministry.org\/en\/dia-22-un-plan-de-batalla-de-tres-frentes\/","og_locale":"en_US","og_type":"article","og_title":"D\u00eda 22 - Un Plan de Batalla de Tres Frentes - JOSE y NELLY MINISTRY","og_description":"D\u00eda 22 - Un Plan de Batalla de Tres Frentes","og_url":"https:\/\/jnministry.org\/en\/dia-22-un-plan-de-batalla-de-tres-frentes\/","og_site_name":"JOSE y NELLY MINISTRY","article_published_time":"2024-01-23T14:58:02+00:00","author":"jalweb","twitter_card":"summary_large_image","twitter_misc":{"Written by":"jalweb","Est. reading time":"4 minutes"},"schema":{"@context":"https:\/\/schema.org","@graph":[{"@type":"Article","@id":"https:\/\/jnministry.org\/dia-22-un-plan-de-batalla-de-tres-frentes\/#article","isPartOf":{"@id":"https:\/\/jnministry.org\/dia-22-un-plan-de-batalla-de-tres-frentes\/"},"author":{"name":"jalweb","@id":"https:\/\/jnministry.org\/#\/schema\/person\/e7fb8650e1a8b9ae8d52de36b7c1d60c"},"headline":"D\u00eda 22 &#8211; Un Plan de Batalla de Tres Frentes","datePublished":"2024-01-23T14:58:02+00:00","mainEntityOfPage":{"@id":"https:\/\/jnministry.org\/dia-22-un-plan-de-batalla-de-tres-frentes\/"},"wordCount":659,"publisher":{"@id":"https:\/\/jnministry.org\/#organization"},"image":{"@id":"https:\/\/jnministry.org\/dia-22-un-plan-de-batalla-de-tres-frentes\/#primaryimage"},"thumbnailUrl":"","articleSection":["Ayuno y oraci\u00f3n"],"inLanguage":"en-US"},{"@type":"WebPage","@id":"https:\/\/jnministry.org\/dia-22-un-plan-de-batalla-de-tres-frentes\/","url":"https:\/\/jnministry.org\/dia-22-un-plan-de-batalla-de-tres-frentes\/","name":"D\u00eda 22 - Un Plan de Batalla de Tres Frentes - JOSE y NELLY MINISTRY","isPartOf":{"@id":"https:\/\/jnministry.org\/#website"},"primaryImageOfPage":{"@id":"https:\/\/jnministry.org\/dia-22-un-plan-de-batalla-de-tres-frentes\/#primaryimage"},"image":{"@id":"https:\/\/jnministry.org\/dia-22-un-plan-de-batalla-de-tres-frentes\/#primaryimage"},"thumbnailUrl":"","datePublished":"2024-01-23T14:58:02+00:00","description":"D\u00eda 22 - Un Plan de Batalla de Tres Frentes","breadcrumb":{"@id":"https:\/\/jnministry.org\/dia-22-un-plan-de-batalla-de-tres-frentes\/#breadcrumb"},"inLanguage":"en-US","potentialAction":[{"@type":"ReadAction","target":["https:\/\/jnministry.org\/dia-22-un-plan-de-batalla-de-tres-frentes\/"]}]},{"@type":"ImageObject","inLanguage":"en-US","@id":"https:\/\/jnministry.org\/dia-22-un-plan-de-batalla-de-tres-frentes\/#primaryimage","url":"","contentUrl":""},{"@type":"BreadcrumbList","@id":"https:\/\/jnministry.org\/dia-22-un-plan-de-batalla-de-tres-frentes\/#breadcrumb","itemListElement":[{"@type":"ListItem","position":1,"name":"Home","item":"https:\/\/jnministry.org\/"},{"@type":"ListItem","position":2,"name":"D\u00eda 22 &#8211; Un Plan de Batalla de Tres Frentes"}]},{"@type":"WebSite","@id":"https:\/\/jnministry.org\/#website","url":"https:\/\/jnministry.org\/","name":"JOSE y NELLY MINISTRY","description":"Ministerio de Jose y Nelly Martinez","publisher":{"@id":"https:\/\/jnministry.org\/#organization"},"potentialAction":[{"@type":"SearchAction","target":{"@type":"EntryPoint","urlTemplate":"https:\/\/jnministry.org\/?s={search_term_string}"},"query-input":{"@type":"PropertyValueSpecification","valueRequired":true,"valueName":"search_term_string"}}],"inLanguage":"en-US"},{"@type":"Organization","@id":"https:\/\/jnministry.org\/#organization","name":"JOSE y NELLY MINISTRY","url":"https:\/\/jnministry.org\/","logo":{"@type":"ImageObject","inLanguage":"en-US","@id":"https:\/\/jnministry.org\/#\/schema\/logo\/image\/","url":"https:\/\/jnministry.org\/wp-content\/uploads\/2022\/01\/LOGO-JMM-AZUL.png","contentUrl":"https:\/\/jnministry.org\/wp-content\/uploads\/2022\/01\/LOGO-JMM-AZUL.png","width":190,"height":69,"caption":"JOSE y NELLY MINISTRY"},"image":{"@id":"https:\/\/jnministry.org\/#\/schema\/logo\/image\/"}},{"@type":"Person","@id":"https:\/\/jnministry.org\/#\/schema\/person\/e7fb8650e1a8b9ae8d52de36b7c1d60c","name":"jalweb","image":{"@type":"ImageObject","inLanguage":"en-US","@id":"https:\/\/secure.gravatar.com\/avatar\/55f6b07170e274bea4756c5212475876efa441321ac2867ccad3e616692d9c6d?s=96&d=mm&r=g","url":"https:\/\/secure.gravatar.com\/avatar\/55f6b07170e274bea4756c5212475876efa441321ac2867ccad3e616692d9c6d?s=96&d=mm&r=g","contentUrl":"https:\/\/secure.gravatar.com\/avatar\/55f6b07170e274bea4756c5212475876efa441321ac2867ccad3e616692d9c6d?s=96&d=mm&r=g","caption":"jalweb"},"sameAs":["https:\/\/jnministry.org"],"url":"https:\/\/jnministry.org\/en\/author\/jalweb\/"}]}},"_links":{"self":[{"href":"https:\/\/jnministry.org\/en\/wp-json\/wp\/v2\/posts\/9879","targetHints":{"allow":["GET"]}}],"collection":[{"href":"https:\/\/jnministry.org\/en\/wp-json\/wp\/v2\/posts"}],"about":[{"href":"https:\/\/jnministry.org\/en\/wp-json\/wp\/v2\/types\/post"}],"author":[{"embeddable":true,"href":"https:\/\/jnministry.org\/en\/wp-json\/wp\/v2\/users\/1"}],"replies":[{"embeddable":true,"href":"https:\/\/jnministry.org\/en\/wp-json\/wp\/v2\/comments?post=9879"}],"version-history":[{"count":0,"href":"https:\/\/jnministry.org\/en\/wp-json\/wp\/v2\/posts\/9879\/revisions"}],"wp:featuredmedia":[{"embeddable":true,"href":"https:\/\/jnministry.org\/en\/wp-json\/"}],"wp:attachment":[{"href":"https:\/\/jnministry.org\/en\/wp-json\/wp\/v2\/media?parent=9879"}],"wp:term":[{"taxonomy":"category","embeddable":true,"href":"https:\/\/jnministry.org\/en\/wp-json\/wp\/v2\/categories?post=9879"},{"taxonomy":"post_tag","embeddable":true,"href":"https:\/\/jnministry.org\/en\/wp-json\/wp\/v2\/tags?post=9879"}],"curies":[{"name":"wp","href":"https:\/\/api.w.org\/{rel}","templated":true}]}}