{"id":9347,"date":"2024-01-05T12:22:10","date_gmt":"2024-01-05T16:22:10","guid":{"rendered":"https:\/\/jnministry.org\/dia-2-descanso-y-oracion\/"},"modified":"2024-01-05T12:22:10","modified_gmt":"2024-01-05T16:22:10","slug":"dia-2-descanso-y-oracion","status":"publish","type":"post","link":"https:\/\/jnministry.org\/en\/dia-2-descanso-y-oracion\/","title":{"rendered":"D\u00eda 2: Descanso y Oraci\u00f3n"},"content":{"rendered":"<div class=\"\\\"xdj266r\" x11i5rnm xat24cr x1mh8g0r x1vvkbs x126k92a\\\">\n<div dir=\"\\\"auto\\\"\">Devocional de 21 d\u00eda de Ayuno y oraci\u00f3n<\/div>\n<div dir=\"\\\"auto\\\"\">D\u00eda 2: Descanso y Oraci\u00f3n<\/div>\n<\/div>\n<div class=\"\\\"x11i5rnm\" xat24cr x1mh8g0r x1vvkbs xtlvy1s x126k92a\\\">\n<div dir=\"\\\"auto\\\"\">Por Chris Hodges<\/div>\n<div dir=\"\\\"auto\\\"\">CEO\/Presidente<\/div>\n<div dir=\"\\\"auto\\\"\">Adult &amp; Teen Challenge Pacific Northwest<\/div>\n<\/div>\n<div class=\"\\\"x11i5rnm\" xat24cr x1mh8g0r x1vvkbs xtlvy1s x126k92a\\\">\n<div dir=\"\\\"auto\\\"\">Vers\u00edculo Clave: Marcos 6:31<\/div>\n<\/div>\n<div class=\"\\\"x11i5rnm\" xat24cr x1mh8g0r x1vvkbs xtlvy1s x126k92a\\\">\n<div dir=\"\\\"auto\\\"\">\\\u00bbVengan conmigo a un lugar apartado y descansen un poco.\\\u00bb<\/div>\n<\/div>\n<div class=\"\\\"x11i5rnm\" xat24cr x1mh8g0r x1vvkbs xtlvy1s x126k92a\\\">\n<div dir=\"\\\"auto\\\"\">Hay muchos pasajes en la Biblia donde Jes\u00fas se toma tiempo intencional para descansar; este ejemplo en el cap\u00edtulo seis de Marcos es uno de mis favoritos. Justo despu\u00e9s de este ejemplo, leemos la maravillosa historia de la alimentaci\u00f3n de 5,000 personas con 5 panes y 2 peces.<\/div>\n<\/div>\n<div class=\"\\\"x11i5rnm\" xat24cr x1mh8g0r x1vvkbs xtlvy1s x126k92a\\\">\n<div dir=\"\\\"auto\\\"\">\\\u00bbDespidi\u00f3 a la multitud y se retir\u00f3 a la monta\u00f1a a orar.\\\u00bb Marcos 6:46<\/div>\n<\/div>\n<div class=\"\\\"x11i5rnm\" xat24cr x1mh8g0r x1vvkbs xtlvy1s x126k92a\\\">\n<div dir=\"\\\"auto\\\"\">Poco despu\u00e9s de este vers\u00edculo, vemos a Jes\u00fas caminando sobre el agua y rescatando a los disc\u00edpulos atrapados en la tormenta. No creo que estos vers\u00edculos sutiles hayan llegado al evangelio de Marcos por casualidad. El descanso y la oraci\u00f3n son absolutamente esenciales para todos nosotros, especialmente aquellos comprometidos en el ministerio de Poner la Esperanza al Alcance de Todos Hasta que Todos Sean Libres.<\/div>\n<\/div>\n<div class=\"\\\"x11i5rnm\" xat24cr x1mh8g0r x1vvkbs xtlvy1s x126k92a\\\">\n<div dir=\"\\\"auto\\\"\">Se requiere mucha energ\u00eda para ministrar a aquellos que buscan esperanza a trav\u00e9s del ministerio de Teen Challenge, y debemos tomarnos el tiempo para recargar, recargarnos y descansar. Todos enfrentamos situaciones ministeriales desafiantes todos los d\u00edas, y si no tomamos el tiempo para reconectar con el Se\u00f1or y descansar, llevar\u00e1 a la fatiga y al agotamiento en el ministerio.<\/div>\n<\/div>\n<div class=\"\\\"x11i5rnm\" xat24cr x1mh8g0r x1vvkbs xtlvy1s x126k92a\\\">\n<div dir=\"\\\"auto\\\"\">Afortunadamente, tenemos la promesa registrada en Mateo 11:28-29<\/div>\n<\/div>\n<div class=\"\\\"x11i5rnm\" xat24cr x1mh8g0r x1vvkbs xtlvy1s x126k92a\\\">\n<div dir=\"\\\"auto\\\"\">\\\u00bbVengan a m\u00ed todos ustedes que est\u00e1n cansados y agobiados, y yo les dar\u00e9 descanso. Carguen con mi yugo y aprendan de m\u00ed, pues yo soy apacible y humilde de coraz\u00f3n, y encontrar\u00e1n descanso para su alma. Porque mi yugo es f\u00e1cil y mi carga es liviana.\\\u00bb<\/div>\n<\/div>\n<div class=\"\\\"x11i5rnm\" xat24cr x1mh8g0r x1vvkbs xtlvy1s x126k92a\\\">\n<div dir=\"\\\"auto\\\"\">La \u00fanica condici\u00f3n aqu\u00ed es que requiere una acci\u00f3n intencional de nuestra parte; debemos \\\u00bbvenir a \u00c9l\\\u00bb. Todos sabemos c\u00f3mo es un d\u00eda, incluso una semana, cuando nos ocupamos demasiado para ser intencionales en nuestra oraci\u00f3n, devociones y descanso. \u00a1S\u00e9 que para m\u00ed, este llamado es demasiado grande para abordarlo sin Cristo!<\/div>\n<\/div>\n<div class=\"\\\"x11i5rnm\" xat24cr x1mh8g0r x1vvkbs xtlvy1s x126k92a\\\">\n<div dir=\"\\\"auto\\\"\">El compromiso de Global Teen Challenge con 21 d\u00edas de oraci\u00f3n y ayuno establece un ejemplo para todos nosotros y nos brinda una excelente oportunidad para ser intencionales acerca de nuestra oraci\u00f3n y descanso.<\/div>\n<\/div>\n<div class=\"\\\"x11i5rnm\" xat24cr x1mh8g0r x1vvkbs xtlvy1s x126k92a\\\">\n<div dir=\"\\\"auto\\\"\">Mi oraci\u00f3n es que todos vengamos a \u00c9l de manera intencional en 2024.<\/div>\n<\/div>\n<div class=\"\\\"x11i5rnm\" xat24cr x1mh8g0r x1vvkbs xtlvy1s x126k92a\\\">\n<div dir=\"\\\"auto\\\"\">Que busquemos con frecuencia nuestro lugar tranquilo para descansar,<\/div>\n<div dir=\"\\\"auto\\\"\">Y que lideremos desde un lugar de oraci\u00f3n y descanso.<\/div>\n<div dir=\"\\\"auto\\\"\">Se\u00f1or, oro por mis hermanos y hermanas que sirven en todo el mundo en la familia de Teen Challenge. Oro por descanso y viento empoderado por el Esp\u00edritu en sus velas. Oro para que, al descansar, veamos lo milagroso suceder en nuestras familias y ministerios. \u00a1Vidas restauradas radicalmente, recursos realizados y descanso!<\/div>\n<\/div>\n<div class=\"\\\"x11i5rnm\" xat24cr x1mh8g0r x1vvkbs xtlvy1s x126k92a\\\">\n<div dir=\"\\\"auto\\\"\">Enfoque de Oraci\u00f3n de Hoy:<\/div>\n<div dir=\"\\\"auto\\\"\">Nuevos Centros de Teen Challenge Abriendo<\/div>\n<\/div>","protected":false},"excerpt":{"rendered":"<p>Devocional de 21 d\u00eda de Ayuno y oraci\u00f3n D\u00eda 2: Descanso y Oraci\u00f3n Por Chris Hodges CEO\/Presidente Adult &amp; Teen Challenge Pacific Northwest Vers\u00edculo Clave: Marcos 6:31 \\\u00bbVengan conmigo a un lugar apartado y descansen un poco.\\\u00bb Hay muchos pasajes en la Biblia donde Jes\u00fas se toma tiempo intencional para descansar; este ejemplo en el [&hellip;]<\/p>\n","protected":false},"author":1,"featured_media":9348,"comment_status":"closed","ping_status":"open","sticky":false,"template":"","format":"standard","meta":{"site-sidebar-layout":"default","site-content-layout":"","ast-site-content-layout":"default","site-content-style":"default","site-sidebar-style":"default","ast-global-header-display":"","ast-banner-title-visibility":"","ast-main-header-display":"","ast-hfb-above-header-display":"","ast-hfb-below-header-display":"","ast-hfb-mobile-header-display":"","site-post-title":"","ast-breadcrumbs-content":"","ast-featured-img":"","footer-sml-layout":"","ast-disable-related-posts":"","theme-transparent-header-meta":"","adv-header-id-meta":"","stick-header-meta":"","header-above-stick-meta":"","header-main-stick-meta":"","header-below-stick-meta":"","astra-migrate-meta-layouts":"default","ast-page-background-enabled":"default","ast-page-background-meta":{"desktop":{"background-color":"","background-image":"","background-repeat":"repeat","background-position":"center center","background-size":"auto","background-attachment":"scroll","background-type":"","background-media":"","overlay-type":"","overlay-color":"","overlay-opacity":"","overlay-gradient":""},"tablet":{"background-color":"","background-image":"","background-repeat":"repeat","background-position":"center center","background-size":"auto","background-attachment":"scroll","background-type":"","background-media":"","overlay-type":"","overlay-color":"","overlay-opacity":"","overlay-gradient":""},"mobile":{"background-color":"","background-image":"","background-repeat":"repeat","background-position":"center center","background-size":"auto","background-attachment":"scroll","background-type":"","background-media":"","overlay-type":"","overlay-color":"","overlay-opacity":"","overlay-gradient":""}},"ast-content-background-meta":{"desktop":{"background-color":"var(--ast-global-color-5)","background-image":"","background-repeat":"repeat","background-position":"center center","background-size":"auto","background-attachment":"scroll","background-type":"","background-media":"","overlay-type":"","overlay-color":"","overlay-opacity":"","overlay-gradient":""},"tablet":{"background-color":"var(--ast-global-color-5)","background-image":"","background-repeat":"repeat","background-position":"center center","background-size":"auto","background-attachment":"scroll","background-type":"","background-media":"","overlay-type":"","overlay-color":"","overlay-opacity":"","overlay-gradient":""},"mobile":{"background-color":"var(--ast-global-color-5)","background-image":"","background-repeat":"repeat","background-position":"center center","background-size":"auto","background-attachment":"scroll","background-type":"","background-media":"","overlay-type":"","overlay-color":"","overlay-opacity":"","overlay-gradient":""}},"footnotes":""},"categories":[10],"tags":[],"class_list":["post-9347","post","type-post","status-publish","format-standard","has-post-thumbnail","hentry","category-ayuno-y-oracion"],"yoast_head":"<!-- This site is optimized with the Yoast SEO plugin v27.5 - https:\/\/yoast.com\/product\/yoast-seo-wordpress\/ -->\n<title>D\u00eda 2: Descanso y Oraci\u00f3n - JOSE y NELLY MINISTRY<\/title>\n<meta name=\"description\" content=\"Descanso y Oraci\u00f3n\" \/>\n<meta name=\"robots\" content=\"index, follow, max-snippet:-1, max-image-preview:large, max-video-preview:-1\" \/>\n<link rel=\"canonical\" href=\"https:\/\/jnministry.org\/en\/dia-2-descanso-y-oracion\/\" \/>\n<meta property=\"og:locale\" content=\"en_US\" \/>\n<meta property=\"og:type\" content=\"article\" \/>\n<meta property=\"og:title\" content=\"D\u00eda 2: Descanso y Oraci\u00f3n - JOSE y NELLY MINISTRY\" \/>\n<meta property=\"og:description\" content=\"Descanso y Oraci\u00f3n\" \/>\n<meta property=\"og:url\" content=\"https:\/\/jnministry.org\/en\/dia-2-descanso-y-oracion\/\" \/>\n<meta property=\"og:site_name\" content=\"JOSE y NELLY MINISTRY\" \/>\n<meta property=\"article:published_time\" content=\"2024-01-05T16:22:10+00:00\" \/>\n<meta name=\"author\" content=\"jalweb\" \/>\n<meta name=\"twitter:card\" content=\"summary_large_image\" \/>\n<meta name=\"twitter:label1\" content=\"Written by\" \/>\n\t<meta name=\"twitter:data1\" content=\"jalweb\" \/>\n\t<meta name=\"twitter:label2\" content=\"Est. reading time\" \/>\n\t<meta name=\"twitter:data2\" content=\"3 minutes\" \/>\n<script type=\"application\/ld+json\" class=\"yoast-schema-graph\">{\"@context\":\"https:\\\/\\\/schema.org\",\"@graph\":[{\"@type\":\"Article\",\"@id\":\"https:\\\/\\\/jnministry.org\\\/dia-2-descanso-y-oracion\\\/#article\",\"isPartOf\":{\"@id\":\"https:\\\/\\\/jnministry.org\\\/dia-2-descanso-y-oracion\\\/\"},\"author\":{\"name\":\"jalweb\",\"@id\":\"https:\\\/\\\/jnministry.org\\\/#\\\/schema\\\/person\\\/e7fb8650e1a8b9ae8d52de36b7c1d60c\"},\"headline\":\"D\u00eda 2: Descanso y Oraci\u00f3n\",\"datePublished\":\"2024-01-05T16:22:10+00:00\",\"mainEntityOfPage\":{\"@id\":\"https:\\\/\\\/jnministry.org\\\/dia-2-descanso-y-oracion\\\/\"},\"wordCount\":494,\"publisher\":{\"@id\":\"https:\\\/\\\/jnministry.org\\\/#organization\"},\"image\":{\"@id\":\"https:\\\/\\\/jnministry.org\\\/dia-2-descanso-y-oracion\\\/#primaryimage\"},\"thumbnailUrl\":\"\",\"articleSection\":[\"Ayuno y oraci\u00f3n\"],\"inLanguage\":\"en-US\"},{\"@type\":\"WebPage\",\"@id\":\"https:\\\/\\\/jnministry.org\\\/dia-2-descanso-y-oracion\\\/\",\"url\":\"https:\\\/\\\/jnministry.org\\\/dia-2-descanso-y-oracion\\\/\",\"name\":\"D\u00eda 2: Descanso y Oraci\u00f3n - JOSE y NELLY MINISTRY\",\"isPartOf\":{\"@id\":\"https:\\\/\\\/jnministry.org\\\/#website\"},\"primaryImageOfPage\":{\"@id\":\"https:\\\/\\\/jnministry.org\\\/dia-2-descanso-y-oracion\\\/#primaryimage\"},\"image\":{\"@id\":\"https:\\\/\\\/jnministry.org\\\/dia-2-descanso-y-oracion\\\/#primaryimage\"},\"thumbnailUrl\":\"\",\"datePublished\":\"2024-01-05T16:22:10+00:00\",\"description\":\"Descanso y Oraci\u00f3n\",\"breadcrumb\":{\"@id\":\"https:\\\/\\\/jnministry.org\\\/dia-2-descanso-y-oracion\\\/#breadcrumb\"},\"inLanguage\":\"en-US\",\"potentialAction\":[{\"@type\":\"ReadAction\",\"target\":[\"https:\\\/\\\/jnministry.org\\\/dia-2-descanso-y-oracion\\\/\"]}]},{\"@type\":\"ImageObject\",\"inLanguage\":\"en-US\",\"@id\":\"https:\\\/\\\/jnministry.org\\\/dia-2-descanso-y-oracion\\\/#primaryimage\",\"url\":\"\",\"contentUrl\":\"\"},{\"@type\":\"BreadcrumbList\",\"@id\":\"https:\\\/\\\/jnministry.org\\\/dia-2-descanso-y-oracion\\\/#breadcrumb\",\"itemListElement\":[{\"@type\":\"ListItem\",\"position\":1,\"name\":\"Home\",\"item\":\"https:\\\/\\\/jnministry.org\\\/\"},{\"@type\":\"ListItem\",\"position\":2,\"name\":\"D\u00eda 2: Descanso y Oraci\u00f3n\"}]},{\"@type\":\"WebSite\",\"@id\":\"https:\\\/\\\/jnministry.org\\\/#website\",\"url\":\"https:\\\/\\\/jnministry.org\\\/\",\"name\":\"JOSE y NELLY MINISTRY\",\"description\":\"Ministerio de Jose y Nelly Martinez\",\"publisher\":{\"@id\":\"https:\\\/\\\/jnministry.org\\\/#organization\"},\"potentialAction\":[{\"@type\":\"SearchAction\",\"target\":{\"@type\":\"EntryPoint\",\"urlTemplate\":\"https:\\\/\\\/jnministry.org\\\/?s={search_term_string}\"},\"query-input\":{\"@type\":\"PropertyValueSpecification\",\"valueRequired\":true,\"valueName\":\"search_term_string\"}}],\"inLanguage\":\"en-US\"},{\"@type\":\"Organization\",\"@id\":\"https:\\\/\\\/jnministry.org\\\/#organization\",\"name\":\"JOSE y NELLY MINISTRY\",\"url\":\"https:\\\/\\\/jnministry.org\\\/\",\"logo\":{\"@type\":\"ImageObject\",\"inLanguage\":\"en-US\",\"@id\":\"https:\\\/\\\/jnministry.org\\\/#\\\/schema\\\/logo\\\/image\\\/\",\"url\":\"https:\\\/\\\/jnministry.org\\\/wp-content\\\/uploads\\\/2022\\\/01\\\/LOGO-JMM-AZUL.png\",\"contentUrl\":\"https:\\\/\\\/jnministry.org\\\/wp-content\\\/uploads\\\/2022\\\/01\\\/LOGO-JMM-AZUL.png\",\"width\":190,\"height\":69,\"caption\":\"JOSE y NELLY MINISTRY\"},\"image\":{\"@id\":\"https:\\\/\\\/jnministry.org\\\/#\\\/schema\\\/logo\\\/image\\\/\"}},{\"@type\":\"Person\",\"@id\":\"https:\\\/\\\/jnministry.org\\\/#\\\/schema\\\/person\\\/e7fb8650e1a8b9ae8d52de36b7c1d60c\",\"name\":\"jalweb\",\"image\":{\"@type\":\"ImageObject\",\"inLanguage\":\"en-US\",\"@id\":\"https:\\\/\\\/secure.gravatar.com\\\/avatar\\\/55f6b07170e274bea4756c5212475876efa441321ac2867ccad3e616692d9c6d?s=96&d=mm&r=g\",\"url\":\"https:\\\/\\\/secure.gravatar.com\\\/avatar\\\/55f6b07170e274bea4756c5212475876efa441321ac2867ccad3e616692d9c6d?s=96&d=mm&r=g\",\"contentUrl\":\"https:\\\/\\\/secure.gravatar.com\\\/avatar\\\/55f6b07170e274bea4756c5212475876efa441321ac2867ccad3e616692d9c6d?s=96&d=mm&r=g\",\"caption\":\"jalweb\"},\"sameAs\":[\"https:\\\/\\\/jnministry.org\"],\"url\":\"https:\\\/\\\/jnministry.org\\\/en\\\/author\\\/jalweb\\\/\"}]}<\/script>\n<!-- \/ Yoast SEO plugin. -->","yoast_head_json":{"title":"D\u00eda 2: Descanso y Oraci\u00f3n - JOSE y NELLY MINISTRY","description":"Descanso y Oraci\u00f3n","robots":{"index":"index","follow":"follow","max-snippet":"max-snippet:-1","max-image-preview":"max-image-preview:large","max-video-preview":"max-video-preview:-1"},"canonical":"https:\/\/jnministry.org\/en\/dia-2-descanso-y-oracion\/","og_locale":"en_US","og_type":"article","og_title":"D\u00eda 2: Descanso y Oraci\u00f3n - JOSE y NELLY MINISTRY","og_description":"Descanso y Oraci\u00f3n","og_url":"https:\/\/jnministry.org\/en\/dia-2-descanso-y-oracion\/","og_site_name":"JOSE y NELLY MINISTRY","article_published_time":"2024-01-05T16:22:10+00:00","author":"jalweb","twitter_card":"summary_large_image","twitter_misc":{"Written by":"jalweb","Est. reading time":"3 minutes"},"schema":{"@context":"https:\/\/schema.org","@graph":[{"@type":"Article","@id":"https:\/\/jnministry.org\/dia-2-descanso-y-oracion\/#article","isPartOf":{"@id":"https:\/\/jnministry.org\/dia-2-descanso-y-oracion\/"},"author":{"name":"jalweb","@id":"https:\/\/jnministry.org\/#\/schema\/person\/e7fb8650e1a8b9ae8d52de36b7c1d60c"},"headline":"D\u00eda 2: Descanso y Oraci\u00f3n","datePublished":"2024-01-05T16:22:10+00:00","mainEntityOfPage":{"@id":"https:\/\/jnministry.org\/dia-2-descanso-y-oracion\/"},"wordCount":494,"publisher":{"@id":"https:\/\/jnministry.org\/#organization"},"image":{"@id":"https:\/\/jnministry.org\/dia-2-descanso-y-oracion\/#primaryimage"},"thumbnailUrl":"","articleSection":["Ayuno y oraci\u00f3n"],"inLanguage":"en-US"},{"@type":"WebPage","@id":"https:\/\/jnministry.org\/dia-2-descanso-y-oracion\/","url":"https:\/\/jnministry.org\/dia-2-descanso-y-oracion\/","name":"D\u00eda 2: Descanso y Oraci\u00f3n - JOSE y NELLY MINISTRY","isPartOf":{"@id":"https:\/\/jnministry.org\/#website"},"primaryImageOfPage":{"@id":"https:\/\/jnministry.org\/dia-2-descanso-y-oracion\/#primaryimage"},"image":{"@id":"https:\/\/jnministry.org\/dia-2-descanso-y-oracion\/#primaryimage"},"thumbnailUrl":"","datePublished":"2024-01-05T16:22:10+00:00","description":"Descanso y Oraci\u00f3n","breadcrumb":{"@id":"https:\/\/jnministry.org\/dia-2-descanso-y-oracion\/#breadcrumb"},"inLanguage":"en-US","potentialAction":[{"@type":"ReadAction","target":["https:\/\/jnministry.org\/dia-2-descanso-y-oracion\/"]}]},{"@type":"ImageObject","inLanguage":"en-US","@id":"https:\/\/jnministry.org\/dia-2-descanso-y-oracion\/#primaryimage","url":"","contentUrl":""},{"@type":"BreadcrumbList","@id":"https:\/\/jnministry.org\/dia-2-descanso-y-oracion\/#breadcrumb","itemListElement":[{"@type":"ListItem","position":1,"name":"Home","item":"https:\/\/jnministry.org\/"},{"@type":"ListItem","position":2,"name":"D\u00eda 2: Descanso y Oraci\u00f3n"}]},{"@type":"WebSite","@id":"https:\/\/jnministry.org\/#website","url":"https:\/\/jnministry.org\/","name":"JOSE y NELLY MINISTRY","description":"Ministerio de Jose y Nelly Martinez","publisher":{"@id":"https:\/\/jnministry.org\/#organization"},"potentialAction":[{"@type":"SearchAction","target":{"@type":"EntryPoint","urlTemplate":"https:\/\/jnministry.org\/?s={search_term_string}"},"query-input":{"@type":"PropertyValueSpecification","valueRequired":true,"valueName":"search_term_string"}}],"inLanguage":"en-US"},{"@type":"Organization","@id":"https:\/\/jnministry.org\/#organization","name":"JOSE y NELLY MINISTRY","url":"https:\/\/jnministry.org\/","logo":{"@type":"ImageObject","inLanguage":"en-US","@id":"https:\/\/jnministry.org\/#\/schema\/logo\/image\/","url":"https:\/\/jnministry.org\/wp-content\/uploads\/2022\/01\/LOGO-JMM-AZUL.png","contentUrl":"https:\/\/jnministry.org\/wp-content\/uploads\/2022\/01\/LOGO-JMM-AZUL.png","width":190,"height":69,"caption":"JOSE y NELLY MINISTRY"},"image":{"@id":"https:\/\/jnministry.org\/#\/schema\/logo\/image\/"}},{"@type":"Person","@id":"https:\/\/jnministry.org\/#\/schema\/person\/e7fb8650e1a8b9ae8d52de36b7c1d60c","name":"jalweb","image":{"@type":"ImageObject","inLanguage":"en-US","@id":"https:\/\/secure.gravatar.com\/avatar\/55f6b07170e274bea4756c5212475876efa441321ac2867ccad3e616692d9c6d?s=96&d=mm&r=g","url":"https:\/\/secure.gravatar.com\/avatar\/55f6b07170e274bea4756c5212475876efa441321ac2867ccad3e616692d9c6d?s=96&d=mm&r=g","contentUrl":"https:\/\/secure.gravatar.com\/avatar\/55f6b07170e274bea4756c5212475876efa441321ac2867ccad3e616692d9c6d?s=96&d=mm&r=g","caption":"jalweb"},"sameAs":["https:\/\/jnministry.org"],"url":"https:\/\/jnministry.org\/en\/author\/jalweb\/"}]}},"_links":{"self":[{"href":"https:\/\/jnministry.org\/en\/wp-json\/wp\/v2\/posts\/9347","targetHints":{"allow":["GET"]}}],"collection":[{"href":"https:\/\/jnministry.org\/en\/wp-json\/wp\/v2\/posts"}],"about":[{"href":"https:\/\/jnministry.org\/en\/wp-json\/wp\/v2\/types\/post"}],"author":[{"embeddable":true,"href":"https:\/\/jnministry.org\/en\/wp-json\/wp\/v2\/users\/1"}],"replies":[{"embeddable":true,"href":"https:\/\/jnministry.org\/en\/wp-json\/wp\/v2\/comments?post=9347"}],"version-history":[{"count":0,"href":"https:\/\/jnministry.org\/en\/wp-json\/wp\/v2\/posts\/9347\/revisions"}],"wp:featuredmedia":[{"embeddable":true,"href":"https:\/\/jnministry.org\/en\/wp-json\/"}],"wp:attachment":[{"href":"https:\/\/jnministry.org\/en\/wp-json\/wp\/v2\/media?parent=9347"}],"wp:term":[{"taxonomy":"category","embeddable":true,"href":"https:\/\/jnministry.org\/en\/wp-json\/wp\/v2\/categories?post=9347"},{"taxonomy":"post_tag","embeddable":true,"href":"https:\/\/jnministry.org\/en\/wp-json\/wp\/v2\/tags?post=9347"}],"curies":[{"name":"wp","href":"https:\/\/api.w.org\/{rel}","templated":true}]}}